{"id":25953412,"date":"2025-02-12T16:00:41","date_gmt":"2025-02-12T16:00:41","guid":{"rendered":"https:\/\/www.marcfoujols.com\/?p=25953412"},"modified":"2025-01-29T17:37:07","modified_gmt":"2025-01-29T17:37:07","slug":"immobilier-senlis-et-chantilly-au-coeur-du-parc-des-3-forts","status":"publish","type":"post","link":"https:\/\/www.marcfoujols.com\/en\/immobilier-senlis-et-chantilly-au-coeur-du-parc-des-3-forts\/","title":{"rendered":"(Fran\u00e7ais) Immobilier \u00e0 Senlis et Chantilly : au c\u0153ur du parc des 3 for\u00eats"},"content":{"rendered":"<p class=\"qtranxs-available-languages-message qtranxs-available-languages-message-en\">Sorry, this entry is only available in <a href=\"https:\/\/www.marcfoujols.com\/fr\/wp-json\/wp\/v2\/posts\/25953412\" class=\"qtranxs-available-language-link qtranxs-available-language-link-fr\" title=\"Fran\u00e7ais\">Fran\u00e7ais<\/a>.<\/p>","protected":false},"excerpt":{"rendered":"<p>[:fr]<\/p>\n","protected":false},"author":31,"featured_media":25953416,"comment_status":"closed","ping_status":"closed","sticky":false,"template":"","format":"standard","meta":{"footnotes":""},"categories":[989,35,979,987,988],"tags":[],"class_list":["post-25953412","post","type-post","status-publish","format-standard","has-post-thumbnail","hentry","category-blog","category-immobilier","category-investissement","category-lifestyle","category-tourisme","univers-category-oise"],"yoast_head":"<!-- This site is optimized with the Yoast SEO plugin v23.3 - https:\/\/yoast.com\/wordpress\/plugins\/seo\/ -->\n<title>Immobilier Senlis &amp; Chantilly : Au C\u0153ur des 3 For\u00eats<\/title>\n<meta name=\"description\" content=\"D\u00e9couvrez l&#039;immobilier \u00e0 Senlis et Chantilly : histoire, patrimoine, et cadre verdoyant du parc des 3 for\u00eats pour les investisseurs.\" \/>\n<meta name=\"robots\" content=\"index, follow, max-snippet:-1, max-image-preview:large, max-video-preview:-1\" \/>\n<link rel=\"canonical\" href=\"https:\/\/www.marcfoujols.com\/immobilier-senlis-et-chantilly-au-coeur-du-parc-des-3-forts\/\" \/>\n<meta name=\"twitter:card\" content=\"summary_large_image\" \/>\n<meta name=\"twitter:title\" content=\"Immobilier Senlis &amp; Chantilly : Au C\u0153ur des 3 For\u00eats\" \/>\n<meta name=\"twitter:description\" content=\"D\u00e9couvrez l&#039;immobilier \u00e0 Senlis et Chantilly : histoire, patrimoine, et cadre verdoyant du parc des 3 for\u00eats pour les investisseurs.\" \/>\n<meta name=\"twitter:image\" content=\"https:\/\/www.marcfoujols.com\/wp-content\/uploads\/2024\/12\/66feb3f47243cd993fe8e6d4_Balade-nature-Cabanes-des-Grands-Chenes-@elsa_cyril-4.jpg\" \/>\n<meta name=\"twitter:label1\" content=\"Written by\" \/>\n\t<meta name=\"twitter:data1\" content=\"Cassandra Doux\" \/>\n\t<meta name=\"twitter:label2\" content=\"Est. reading time\" \/>\n\t<meta name=\"twitter:data2\" content=\"8 minutes\" \/>\n<script type=\"application\/ld+json\" class=\"yoast-schema-graph\">{\"@context\":\"https:\/\/schema.org\",\"@graph\":[{\"@type\":\"Article\",\"@id\":\"https:\/\/www.marcfoujols.com\/immobilier-senlis-et-chantilly-au-coeur-du-parc-des-3-forts\/#article\",\"isPartOf\":{\"@id\":\"https:\/\/www.marcfoujols.com\/immobilier-senlis-et-chantilly-au-coeur-du-parc-des-3-forts\/\"},\"author\":{\"name\":\"Cassandra Doux\",\"@id\":\"https:\/\/www.marcfoujols.com\/en\/#\/schema\/person\/219bfd8a16cb985bee859bf00362621f\"},\"headline\":\"(Fran\u00e7ais) Immobilier \u00e0 Senlis et Chantilly : au c\u0153ur du parc des 3 for\u00eats\",\"datePublished\":\"2025-02-12T16:00:41+00:00\",\"dateModified\":\"2025-01-29T17:37:07+00:00\",\"mainEntityOfPage\":{\"@id\":\"https:\/\/www.marcfoujols.com\/immobilier-senlis-et-chantilly-au-coeur-du-parc-des-3-forts\/\"},\"wordCount\":1572,\"publisher\":{\"@id\":\"https:\/\/www.marcfoujols.com\/en\/#organization\"},\"image\":{\"@id\":\"https:\/\/www.marcfoujols.com\/immobilier-senlis-et-chantilly-au-coeur-du-parc-des-3-forts\/#primaryimage\"},\"thumbnailUrl\":\"https:\/\/www.marcfoujols.com\/wp-content\/uploads\/2024\/12\/66feb3f47243cd993fe8e6d4_Balade-nature-Cabanes-des-Grands-Chenes-@elsa_cyril-4.jpg\",\"articleSection\":[\"\",\"Real-estate\",\"Real Estate Investment\",\"Lifestyle\",\"Tourisme\"],\"inLanguage\":\"en-US\"},{\"@type\":\"WebPage\",\"@id\":\"https:\/\/www.marcfoujols.com\/immobilier-senlis-et-chantilly-au-coeur-du-parc-des-3-forts\/\",\"url\":\"https:\/\/www.marcfoujols.com\/immobilier-senlis-et-chantilly-au-coeur-du-parc-des-3-forts\/\",\"name\":\"Immobilier Senlis & Chantilly : Au C\u0153ur des 3 For\u00eats\",\"isPartOf\":{\"@id\":\"https:\/\/www.marcfoujols.com\/en\/#website\"},\"primaryImageOfPage\":{\"@id\":\"https:\/\/www.marcfoujols.com\/immobilier-senlis-et-chantilly-au-coeur-du-parc-des-3-forts\/#primaryimage\"},\"image\":{\"@id\":\"https:\/\/www.marcfoujols.com\/immobilier-senlis-et-chantilly-au-coeur-du-parc-des-3-forts\/#primaryimage\"},\"thumbnailUrl\":\"https:\/\/www.marcfoujols.com\/wp-content\/uploads\/2024\/12\/66feb3f47243cd993fe8e6d4_Balade-nature-Cabanes-des-Grands-Chenes-@elsa_cyril-4.jpg\",\"datePublished\":\"2025-02-12T16:00:41+00:00\",\"dateModified\":\"2025-01-29T17:37:07+00:00\",\"description\":\"D\u00e9couvrez l'immobilier \u00e0 Senlis et Chantilly : histoire, patrimoine, et cadre verdoyant du parc des 3 for\u00eats pour les investisseurs.\",\"breadcrumb\":{\"@id\":\"https:\/\/www.marcfoujols.com\/immobilier-senlis-et-chantilly-au-coeur-du-parc-des-3-forts\/#breadcrumb\"},\"inLanguage\":\"en-US\",\"potentialAction\":[{\"@type\":\"ReadAction\",\"target\":[\"https:\/\/www.marcfoujols.com\/immobilier-senlis-et-chantilly-au-coeur-du-parc-des-3-forts\/\"]}]},{\"@type\":\"ImageObject\",\"inLanguage\":\"en-US\",\"@id\":\"https:\/\/www.marcfoujols.com\/immobilier-senlis-et-chantilly-au-coeur-du-parc-des-3-forts\/#primaryimage\",\"url\":\"https:\/\/www.marcfoujols.com\/wp-content\/uploads\/2024\/12\/66feb3f47243cd993fe8e6d4_Balade-nature-Cabanes-des-Grands-Chenes-@elsa_cyril-4.jpg\",\"contentUrl\":\"https:\/\/www.marcfoujols.com\/wp-content\/uploads\/2024\/12\/66feb3f47243cd993fe8e6d4_Balade-nature-Cabanes-des-Grands-Chenes-@elsa_cyril-4.jpg\",\"width\":1300,\"height\":867},{\"@type\":\"BreadcrumbList\",\"@id\":\"https:\/\/www.marcfoujols.com\/immobilier-senlis-et-chantilly-au-coeur-du-parc-des-3-forts\/#breadcrumb\",\"itemListElement\":[{\"@type\":\"ListItem\",\"position\":1,\"name\":\"Home\",\"item\":\"https:\/\/www.marcfoujols.com\/\"},{\"@type\":\"ListItem\",\"position\":2,\"name\":\"Immobilier \u00e0 Senlis et Chantilly : au c\u0153ur du parc des 3 for\u00eats\"}]},{\"@type\":\"WebSite\",\"@id\":\"https:\/\/www.marcfoujols.com\/en\/#website\",\"url\":\"https:\/\/www.marcfoujols.com\/en\/\",\"name\":\"Marc Foujols\",\"description\":\"Marc Foujols\",\"publisher\":{\"@id\":\"https:\/\/www.marcfoujols.com\/en\/#organization\"},\"potentialAction\":[{\"@type\":\"SearchAction\",\"target\":{\"@type\":\"EntryPoint\",\"urlTemplate\":\"https:\/\/www.marcfoujols.com\/en\/?s={search_term_string}\"},\"query-input\":\"required name=search_term_string\"}],\"inLanguage\":\"en-US\"},{\"@type\":\"Organization\",\"@id\":\"https:\/\/www.marcfoujols.com\/en\/#organization\",\"name\":\"Marc Foujols - France luxury real estate - international properties, quality apartments\",\"url\":\"https:\/\/www.marcfoujols.com\/en\/\",\"logo\":{\"@type\":\"ImageObject\",\"inLanguage\":\"en-US\",\"@id\":\"https:\/\/www.marcfoujols.com\/en\/#\/schema\/logo\/image\/\",\"url\":\"https:\/\/www.marcfoujols.com\/wp-content\/uploads\/2015\/09\/Logo_black1.svg\",\"contentUrl\":\"https:\/\/www.marcfoujols.com\/wp-content\/uploads\/2015\/09\/Logo_black1.svg\",\"width\":1,\"height\":1,\"caption\":\"Marc Foujols - France luxury real estate - international properties, quality apartments\"},\"image\":{\"@id\":\"https:\/\/www.marcfoujols.com\/en\/#\/schema\/logo\/image\/\"}},{\"@type\":\"Person\",\"@id\":\"https:\/\/www.marcfoujols.com\/en\/#\/schema\/person\/219bfd8a16cb985bee859bf00362621f\",\"name\":\"Cassandra Doux\",\"image\":{\"@type\":\"ImageObject\",\"inLanguage\":\"en-US\",\"@id\":\"https:\/\/www.marcfoujols.com\/en\/#\/schema\/person\/image\/\",\"url\":\"https:\/\/secure.gravatar.com\/avatar\/940c7c22e7121e7aae5c869d415b7c41?s=96&d=mm&r=g\",\"contentUrl\":\"https:\/\/secure.gravatar.com\/avatar\/940c7c22e7121e7aae5c869d415b7c41?s=96&d=mm&r=g\",\"caption\":\"Cassandra Doux\"},\"url\":\"https:\/\/www.marcfoujols.com\/en\/author\/cdoux\/\"}]}<\/script>\n<!-- \/ Yoast SEO plugin. -->","yoast_head_json":{"title":"Immobilier Senlis & Chantilly : Au C\u0153ur des 3 For\u00eats","description":"D\u00e9couvrez l'immobilier \u00e0 Senlis et Chantilly : histoire, patrimoine, et cadre verdoyant du parc des 3 for\u00eats pour les investisseurs.","robots":{"index":"index","follow":"follow","max-snippet":"max-snippet:-1","max-image-preview":"max-image-preview:large","max-video-preview":"max-video-preview:-1"},"canonical":"https:\/\/www.marcfoujols.com\/immobilier-senlis-et-chantilly-au-coeur-du-parc-des-3-forts\/","twitter_card":"summary_large_image","twitter_title":"Immobilier Senlis & Chantilly : Au C\u0153ur des 3 For\u00eats","twitter_description":"D\u00e9couvrez l'immobilier \u00e0 Senlis et Chantilly : histoire, patrimoine, et cadre verdoyant du parc des 3 for\u00eats pour les investisseurs.","twitter_image":"https:\/\/www.marcfoujols.com\/wp-content\/uploads\/2024\/12\/66feb3f47243cd993fe8e6d4_Balade-nature-Cabanes-des-Grands-Chenes-@elsa_cyril-4.jpg","twitter_misc":{"Written by":"Cassandra Doux","Est. reading time":"8 minutes"},"schema":{"@context":"https:\/\/schema.org","@graph":[{"@type":"Article","@id":"https:\/\/www.marcfoujols.com\/immobilier-senlis-et-chantilly-au-coeur-du-parc-des-3-forts\/#article","isPartOf":{"@id":"https:\/\/www.marcfoujols.com\/immobilier-senlis-et-chantilly-au-coeur-du-parc-des-3-forts\/"},"author":{"name":"Cassandra Doux","@id":"https:\/\/www.marcfoujols.com\/en\/#\/schema\/person\/219bfd8a16cb985bee859bf00362621f"},"headline":"(Fran\u00e7ais) Immobilier \u00e0 Senlis et Chantilly : au c\u0153ur du parc des 3 for\u00eats","datePublished":"2025-02-12T16:00:41+00:00","dateModified":"2025-01-29T17:37:07+00:00","mainEntityOfPage":{"@id":"https:\/\/www.marcfoujols.com\/immobilier-senlis-et-chantilly-au-coeur-du-parc-des-3-forts\/"},"wordCount":1572,"publisher":{"@id":"https:\/\/www.marcfoujols.com\/en\/#organization"},"image":{"@id":"https:\/\/www.marcfoujols.com\/immobilier-senlis-et-chantilly-au-coeur-du-parc-des-3-forts\/#primaryimage"},"thumbnailUrl":"https:\/\/www.marcfoujols.com\/wp-content\/uploads\/2024\/12\/66feb3f47243cd993fe8e6d4_Balade-nature-Cabanes-des-Grands-Chenes-@elsa_cyril-4.jpg","articleSection":["","Real-estate","Real Estate Investment","Lifestyle","Tourisme"],"inLanguage":"en-US"},{"@type":"WebPage","@id":"https:\/\/www.marcfoujols.com\/immobilier-senlis-et-chantilly-au-coeur-du-parc-des-3-forts\/","url":"https:\/\/www.marcfoujols.com\/immobilier-senlis-et-chantilly-au-coeur-du-parc-des-3-forts\/","name":"Immobilier Senlis & Chantilly : Au C\u0153ur des 3 For\u00eats","isPartOf":{"@id":"https:\/\/www.marcfoujols.com\/en\/#website"},"primaryImageOfPage":{"@id":"https:\/\/www.marcfoujols.com\/immobilier-senlis-et-chantilly-au-coeur-du-parc-des-3-forts\/#primaryimage"},"image":{"@id":"https:\/\/www.marcfoujols.com\/immobilier-senlis-et-chantilly-au-coeur-du-parc-des-3-forts\/#primaryimage"},"thumbnailUrl":"https:\/\/www.marcfoujols.com\/wp-content\/uploads\/2024\/12\/66feb3f47243cd993fe8e6d4_Balade-nature-Cabanes-des-Grands-Chenes-@elsa_cyril-4.jpg","datePublished":"2025-02-12T16:00:41+00:00","dateModified":"2025-01-29T17:37:07+00:00","description":"D\u00e9couvrez l'immobilier \u00e0 Senlis et Chantilly : histoire, patrimoine, et cadre verdoyant du parc des 3 for\u00eats pour les investisseurs.","breadcrumb":{"@id":"https:\/\/www.marcfoujols.com\/immobilier-senlis-et-chantilly-au-coeur-du-parc-des-3-forts\/#breadcrumb"},"inLanguage":"en-US","potentialAction":[{"@type":"ReadAction","target":["https:\/\/www.marcfoujols.com\/immobilier-senlis-et-chantilly-au-coeur-du-parc-des-3-forts\/"]}]},{"@type":"ImageObject","inLanguage":"en-US","@id":"https:\/\/www.marcfoujols.com\/immobilier-senlis-et-chantilly-au-coeur-du-parc-des-3-forts\/#primaryimage","url":"https:\/\/www.marcfoujols.com\/wp-content\/uploads\/2024\/12\/66feb3f47243cd993fe8e6d4_Balade-nature-Cabanes-des-Grands-Chenes-@elsa_cyril-4.jpg","contentUrl":"https:\/\/www.marcfoujols.com\/wp-content\/uploads\/2024\/12\/66feb3f47243cd993fe8e6d4_Balade-nature-Cabanes-des-Grands-Chenes-@elsa_cyril-4.jpg","width":1300,"height":867},{"@type":"BreadcrumbList","@id":"https:\/\/www.marcfoujols.com\/immobilier-senlis-et-chantilly-au-coeur-du-parc-des-3-forts\/#breadcrumb","itemListElement":[{"@type":"ListItem","position":1,"name":"Home","item":"https:\/\/www.marcfoujols.com\/"},{"@type":"ListItem","position":2,"name":"Immobilier \u00e0 Senlis et Chantilly : au c\u0153ur du parc des 3 for\u00eats"}]},{"@type":"WebSite","@id":"https:\/\/www.marcfoujols.com\/en\/#website","url":"https:\/\/www.marcfoujols.com\/en\/","name":"Marc Foujols","description":"Marc Foujols","publisher":{"@id":"https:\/\/www.marcfoujols.com\/en\/#organization"},"potentialAction":[{"@type":"SearchAction","target":{"@type":"EntryPoint","urlTemplate":"https:\/\/www.marcfoujols.com\/en\/?s={search_term_string}"},"query-input":"required name=search_term_string"}],"inLanguage":"en-US"},{"@type":"Organization","@id":"https:\/\/www.marcfoujols.com\/en\/#organization","name":"Marc Foujols - France luxury real estate - international properties, quality apartments","url":"https:\/\/www.marcfoujols.com\/en\/","logo":{"@type":"ImageObject","inLanguage":"en-US","@id":"https:\/\/www.marcfoujols.com\/en\/#\/schema\/logo\/image\/","url":"https:\/\/www.marcfoujols.com\/wp-content\/uploads\/2015\/09\/Logo_black1.svg","contentUrl":"https:\/\/www.marcfoujols.com\/wp-content\/uploads\/2015\/09\/Logo_black1.svg","width":1,"height":1,"caption":"Marc Foujols - France luxury real estate - international properties, quality apartments"},"image":{"@id":"https:\/\/www.marcfoujols.com\/en\/#\/schema\/logo\/image\/"}},{"@type":"Person","@id":"https:\/\/www.marcfoujols.com\/en\/#\/schema\/person\/219bfd8a16cb985bee859bf00362621f","name":"Cassandra Doux","image":{"@type":"ImageObject","inLanguage":"en-US","@id":"https:\/\/www.marcfoujols.com\/en\/#\/schema\/person\/image\/","url":"https:\/\/secure.gravatar.com\/avatar\/940c7c22e7121e7aae5c869d415b7c41?s=96&d=mm&r=g","contentUrl":"https:\/\/secure.gravatar.com\/avatar\/940c7c22e7121e7aae5c869d415b7c41?s=96&d=mm&r=g","caption":"Cassandra Doux"},"url":"https:\/\/www.marcfoujols.com\/en\/author\/cdoux\/"}]}},"_links":{"self":[{"href":"https:\/\/www.marcfoujols.com\/en\/wp-json\/wp\/v2\/posts\/25953412"}],"collection":[{"href":"https:\/\/www.marcfoujols.com\/en\/wp-json\/wp\/v2\/posts"}],"about":[{"href":"https:\/\/www.marcfoujols.com\/en\/wp-json\/wp\/v2\/types\/post"}],"author":[{"embeddable":true,"href":"https:\/\/www.marcfoujols.com\/en\/wp-json\/wp\/v2\/users\/31"}],"replies":[{"embeddable":true,"href":"https:\/\/www.marcfoujols.com\/en\/wp-json\/wp\/v2\/comments?post=25953412"}],"version-history":[{"count":0,"href":"https:\/\/www.marcfoujols.com\/en\/wp-json\/wp\/v2\/posts\/25953412\/revisions"}],"wp:featuredmedia":[{"embeddable":true,"href":"https:\/\/www.marcfoujols.com\/en\/wp-json\/wp\/v2\/media\/25953416"}],"wp:attachment":[{"href":"https:\/\/www.marcfoujols.com\/en\/wp-json\/wp\/v2\/media?parent=25953412"}],"wp:term":[{"taxonomy":"category","embeddable":true,"href":"https:\/\/www.marcfoujols.com\/en\/wp-json\/wp\/v2\/categories?post=25953412"},{"taxonomy":"post_tag","embeddable":true,"href":"https:\/\/www.marcfoujols.com\/en\/wp-json\/wp\/v2\/tags?post=25953412"}],"curies":[{"name":"wp","href":"https:\/\/api.w.org\/{rel}","templated":true}]}}